
{"id":8399,"date":"2026-03-27T17:08:12","date_gmt":"2026-03-27T16:08:12","guid":{"rendered":"https:\/\/www.lindenauschule.de\/?p=8399"},"modified":"2026-04-04T17:09:16","modified_gmt":"2026-04-04T15:09:16","slug":"das-ziel-vor-augen","status":"publish","type":"post","link":"https:\/\/www.lindenauschule.de\/?p=8399","title":{"rendered":"\u201eDas Ziel vor Augen\u201c"},"content":{"rendered":"<p>Am Freitag, dem 27. M\u00e4rz 2026, versammelten sich die Abiturientinnen und Abiturienten der Lindenauschule im Forum der Schule zum diesj\u00e4hrigen Abi-Impuls. Unter dem Leitgedanken \u201eDas Ziel vor Augen\u201c bot die Veranstaltung einen feierlichen und zugleich nachdenklichen Rahmen, um innezuhalten und auf die bevorstehenden Abschlusspr\u00fcfungen zu blicken.<\/p>\n<p>Der Abi-Impuls begann um 8:45 Uhr und wurde musikalisch von der Lehrerband \u2013 bestehend aus Ann-Kathrin Seidler, Alejandro Veciana, Sebastian Saliger, David Hoffmann und Uli Zahn \u2013 begleitet, die mit dem Song \u201eWild World\u201c einen stimmungsvollen Auftakt setzte.<\/p>\n<p>Nach der offiziellen Begr\u00fc\u00dfung folgte ein besonders bewegender Moment: Die Sch\u00fclerin Paula Hock lie\u00df in ihrem \u201eBlitzlicht\u201c den Blick zur\u00fcckschweifen. Sie teilte pers\u00f6nliche Erinnerungen aus der gemeinsamen Schulzeit und machte sichtlich emotional deutlich, wie pr\u00e4gend diese Jahre f\u00fcr den Jahrgang gewesen sind. Dabei wurde sp\u00fcrbar, dass die erlebten Momente und Erfahrungen die Sch\u00fclerinnen und Sch\u00fcler auch \u00fcber die Schulzeit hinaus miteinander verbinden werden.<\/p>\n<p>Im anschlie\u00dfenden Impuls vertiefte Schulpfarrerin Lisa Hennigsen das Thema des Tages und hob die Bedeutung von Zielstrebigkeit, Orientierung und Zuversicht hervor. Mit viel Empathie sprach sie \u00fcber die m\u00f6glichen Gef\u00fchle der Sch\u00fclerinnen und Sch\u00fcler in dieser \u00dcbergangsphase und machte ihnen Mut f\u00fcr die kommenden Herausforderungen. Musikalische Beitr\u00e4ge wie \u201eStop This Flame\u201c und \u201eShine\u201c setzten dabei weitere emotionale Akzente und unterstrichen die besondere Atmosph\u00e4re der Veranstaltung.<\/p>\n<p>Auch die Tutorinnen und Tutoren richteten sich mit pers\u00f6nlichen Worten an den Jahrgang. Sie w\u00fcrdigten die gemeinsame Zeit und die Entwicklung der Sch\u00fclerinnen und Sch\u00fcler und w\u00fcnschten ihnen f\u00fcr die anstehenden Pr\u00fcfungen viel Erfolg und Zuversicht.<\/p>\n<p>F\u00fcr eine besondere \u00dcberraschung sorgten die Sch\u00fclerinnen und Sch\u00fcler der Jahrgangsstufe 11 \u2013 auch wenn sie selbst nicht anwesend waren: Ihre im Vorfeld verfassten W\u00fcnsche an die Abiturientinnen und Abiturienten waren unter deren St\u00fchlen angebracht worden und konnten am Ende der Veranstaltung entdeckt und gelesen werden.<\/p>\n<p>Zum Abschluss versammelten sich alle Anwesenden in einem gro\u00dfen Kreis. In dieser Gemeinschaft wurden das Gebet gesprochen und der Segen erteilt, bevor allen Beteiligten gedankt wurde. Im Anschluss wurde noch ein gemeinsames Abschlussfoto gemacht, bevor die Sch\u00fclerinnen und Sch\u00fcler in der dritten Stunde ihre Zeugnisse erhielten.<\/p>\n<p>Der Abi-Impuls bleibt damit als ein wertvoller Moment des Innehaltens und der Verbundenheit in Erinnerung \u2013 ein bewusster \u00dcbergang zwischen Schulzeit und dem, was nun vor den Abiturientinnen und Abiturienten liegt. Das Ziel ist in Sicht.<\/p>\n<p>&nbsp;<\/p>\n<p>Julia V\u00f6lker<\/p>\n","protected":false},"excerpt":{"rendered":"<p>Am Freitag, dem 27. M\u00e4rz 2026, versammelten sich die Abiturientinnen und Abiturienten der Lindenauschule im Forum der Schule zum diesj\u00e4hrigen Abi-Impuls. Unter dem Leitgedanken \u201eDas Ziel vor Augen\u201c bot die Veranstaltung einen feierlichen und zugleich nachdenklichen Rahmen, um innezuhalten und<\/p>\n","protected":false},"author":2,"featured_media":8400,"comment_status":"closed","ping_status":"open","sticky":false,"template":"","format":"image","meta":{"footnotes":""},"categories":[1],"tags":[],"class_list":["post-8399","post","type-post","status-publish","format-image","has-post-thumbnail","hentry","category-nachrichten","post_format-post-format-image"],"_links":{"self":[{"href":"https:\/\/www.lindenauschule.de\/index.php?rest_route=\/wp\/v2\/posts\/8399","targetHints":{"allow":["GET"]}}],"collection":[{"href":"https:\/\/www.lindenauschule.de\/index.php?rest_route=\/wp\/v2\/posts"}],"about":[{"href":"https:\/\/www.lindenauschule.de\/index.php?rest_route=\/wp\/v2\/types\/post"}],"author":[{"embeddable":true,"href":"https:\/\/www.lindenauschule.de\/index.php?rest_route=\/wp\/v2\/users\/2"}],"replies":[{"embeddable":true,"href":"https:\/\/www.lindenauschule.de\/index.php?rest_route=%2Fwp%2Fv2%2Fcomments&post=8399"}],"version-history":[{"count":1,"href":"https:\/\/www.lindenauschule.de\/index.php?rest_route=\/wp\/v2\/posts\/8399\/revisions"}],"predecessor-version":[{"id":8401,"href":"https:\/\/www.lindenauschule.de\/index.php?rest_route=\/wp\/v2\/posts\/8399\/revisions\/8401"}],"wp:featuredmedia":[{"embeddable":true,"href":"https:\/\/www.lindenauschule.de\/index.php?rest_route=\/wp\/v2\/media\/8400"}],"wp:attachment":[{"href":"https:\/\/www.lindenauschule.de\/index.php?rest_route=%2Fwp%2Fv2%2Fmedia&parent=8399"}],"wp:term":[{"taxonomy":"category","embeddable":true,"href":"https:\/\/www.lindenauschule.de\/index.php?rest_route=%2Fwp%2Fv2%2Fcategories&post=8399"},{"taxonomy":"post_tag","embeddable":true,"href":"https:\/\/www.lindenauschule.de\/index.php?rest_route=%2Fwp%2Fv2%2Ftags&post=8399"}],"curies":[{"name":"wp","href":"https:\/\/api.w.org\/{rel}","templated":true}]}}