
{"id":6060,"date":"2023-09-18T18:48:11","date_gmt":"2023-09-18T16:48:11","guid":{"rendered":"https:\/\/www.lindenauschule.de\/?p=6060"},"modified":"2023-10-03T18:52:41","modified_gmt":"2023-10-03T16:52:41","slug":"lindenauschule-wird-erneut-als-umweltschule-ausgezeichnet","status":"publish","type":"post","link":"https:\/\/www.lindenauschule.de\/?p=6060","title":{"rendered":"Lindenauschule wird erneut als UmweltSchule ausgezeichnet"},"content":{"rendered":"<p>Am 18.09.23 wurde die Lindenauschule erneut mit dem Zertifikat UmweltSchule ausgezeichnet. Seit 2009 erwirbt die Lindenauschule regelm\u00e4\u00dfig dieses Zertifikat, welches beweist, dass die Schulgemeinde sich f\u00fcr die Bildung f\u00fcr nachhaltige Entwicklung (BNE) in besonderer Weise eingesetzt und somit ihren Sch\u00fclerinnen und Sch\u00fclern Impulse f\u00fcr zukunftsf\u00e4higes Handeln gibt. Diese besonderen Bildungsleistungen wurden im Rahmen einer zentralen und feierlichen Auszeichnungsveranstaltung im H\u00f6rsaalzentrum der Johann Wolfgang von Goethe-Universit\u00e4t Frankfurt gew\u00fcrdigt. Staatssekret\u00e4r Dr. Manuel L\u00f6sl (HKM) und Staatsekret\u00e4r Oliver Conz (HMUKLV) nahmen an der Veranstaltung teil und \u00fcberreichten den Schulen ihre Urkunden. Die Veranstaltung begann mit einem gemeinsamen Teil im gro\u00dfen H\u00f6rsaal, durch den Frau Silke Bell (Landeskoordination Hessische Umweltschulen) f\u00fchrte.\u00a0 Neben Gru\u00dfworten von Herrn Staatssekret\u00e4r Dr. Manuel L\u00f6sl (HKM) und Herrn Staatssekret\u00e4r Oliver Conz (HMUKLV) gab es eine Verlosung von drei Klassenfahrten finanziert von dem DJH (Jugendherbergen in Hessen) und eine musikalische Begleitung durch das Kammerorchester der Goetheschule Frankfurt unter der Leitung von Dr. Felix Steiner. Im zweiten Teil der Veranstaltung folgte ein Markt der M\u00f6glichkeiten mit Bildungsangeboten der au\u00dferschulischen Partner und einer Ausstellung der Schulen. Die Lindenauschule pr\u00e4sentierte hierbei ihre Projekte zum Thema Umwelt und Nachhaltigkeit auf einer Stellwand. Besonders im Vordergrund standen hierbei die beiden neuen Projekte \u201eGem\u00fcseAckerdemie\u201c und \u201eVogelcam\u201c.<\/p>\n<div id='gallery-1' class='gallery galleryid-6060 gallery-columns-3 gallery-size-medium'><figure class='gallery-item'>\n\t\t\t<div class='gallery-icon portrait'>\n\t\t\t\t<a href='https:\/\/www.lindenauschule.de\/?attachment_id=6063'><img loading=\"lazy\" decoding=\"async\" width=\"135\" height=\"300\" src=\"https:\/\/www.lindenauschule.de\/wp-content\/uploads\/2023\/10\/Umweltschule4-135x300.jpg\" class=\"attachment-medium size-medium\" alt=\"\" srcset=\"https:\/\/www.lindenauschule.de\/wp-content\/uploads\/2023\/10\/Umweltschule4-135x300.jpg 135w, https:\/\/www.lindenauschule.de\/wp-content\/uploads\/2023\/10\/Umweltschule4-461x1024.jpg 461w, https:\/\/www.lindenauschule.de\/wp-content\/uploads\/2023\/10\/Umweltschule4-691x1536.jpg 691w, https:\/\/www.lindenauschule.de\/wp-content\/uploads\/2023\/10\/Umweltschule4.jpg 720w\" sizes=\"auto, (max-width: 135px) 100vw, 135px\" \/><\/a>\n\t\t\t<\/div><\/figure><figure class='gallery-item'>\n\t\t\t<div class='gallery-icon landscape'>\n\t\t\t\t<a href='https:\/\/www.lindenauschule.de\/?attachment_id=6062'><img loading=\"lazy\" decoding=\"async\" width=\"300\" height=\"135\" src=\"https:\/\/www.lindenauschule.de\/wp-content\/uploads\/2023\/10\/Umweltschule3-300x135.jpg\" class=\"attachment-medium size-medium\" alt=\"\" srcset=\"https:\/\/www.lindenauschule.de\/wp-content\/uploads\/2023\/10\/Umweltschule3-300x135.jpg 300w, https:\/\/www.lindenauschule.de\/wp-content\/uploads\/2023\/10\/Umweltschule3-1024x461.jpg 1024w, https:\/\/www.lindenauschule.de\/wp-content\/uploads\/2023\/10\/Umweltschule3-768x346.jpg 768w, https:\/\/www.lindenauschule.de\/wp-content\/uploads\/2023\/10\/Umweltschule3.jpg 1280w\" sizes=\"auto, (max-width: 300px) 100vw, 300px\" \/><\/a>\n\t\t\t<\/div><\/figure><figure class='gallery-item'>\n\t\t\t<div class='gallery-icon landscape'>\n\t\t\t\t<a href='https:\/\/www.lindenauschule.de\/?attachment_id=6061'><img loading=\"lazy\" decoding=\"async\" width=\"300\" height=\"135\" src=\"https:\/\/www.lindenauschule.de\/wp-content\/uploads\/2023\/10\/Umweltschule5-300x135.jpg\" class=\"attachment-medium size-medium\" alt=\"\" srcset=\"https:\/\/www.lindenauschule.de\/wp-content\/uploads\/2023\/10\/Umweltschule5-300x135.jpg 300w, https:\/\/www.lindenauschule.de\/wp-content\/uploads\/2023\/10\/Umweltschule5-1024x461.jpg 1024w, https:\/\/www.lindenauschule.de\/wp-content\/uploads\/2023\/10\/Umweltschule5-768x346.jpg 768w, https:\/\/www.lindenauschule.de\/wp-content\/uploads\/2023\/10\/Umweltschule5.jpg 1280w\" sizes=\"auto, (max-width: 300px) 100vw, 300px\" \/><\/a>\n\t\t\t<\/div><\/figure>\n\t\t<\/div>\n\n<p>Die \u201eGem\u00fcseAckerdemie\u201c, ein Bildungsangebot von Acker e.V., ist ein attraktives Angebot unserer Schule. Gerade die &#8222;Ackerklassen&#8220; in den Klassen 5 und 6 profitieren davon in besonderem Ma\u00dfe, sie pflegen und ernten nicht nur, sie k\u00fcmmern sich auch um die Aussaat und merken wortw\u00f6rtlich am eigenen Leib, was es f\u00fcr einen Acker bedeutet, wenn es zwei Wochen im Sommer nicht regnet, sodass auch an dieser Stelle immer \u00f6kologische Themen in Verbindung stehen.<br \/>\nEbenfalls ein attraktives Angebot bietet die Kooperation mit dem Vogel- und Naturschutzverein Gro\u00dfauheim e.V., die uns \u201eVogelcams\u201c zur Verf\u00fcgung gestellt haben, sodass Brutvorg\u00e4nge von Meisen neuerdings auch von dem schuleigenen YouTube-Kanal Kanal &#8222;Lindenau for Life&#8220; gestreamt und beobachtet werden k\u00f6nnen. Hierf\u00fcr wurde die Schule von der Stadt Hanau mit einem Medienpreis im Rahmen des Nachhaltigkeitspreises ausgezeichnet. Weitere Projekte in Zusammenarbeit mit dem Verein sind in auch schon in Planung, so sollen zum Beispiel an der Gustav-Adolf-Gemeinde Gro\u00dfauheim \u201eVogelcams\u201c installiert werden, um im n\u00e4chsten Jahr auch Turmfalken beobachten zu k\u00f6nnen. Es bleibt spannend an unserer Umweltschule!<\/p>\n<p>&nbsp;<\/p>\n<p>Am 18.10.23 wird der Projekttag zum Thema Nachhaltigkeit und Umwelt, unser\u00a0 \u201eUmwelttag\u201c, an der Lindenauschule stattfinden. Hier werden vorhandene Projekte weiter ausgef\u00fchrt (z. B. Gem\u00fcseAckerdemie, CampoPonds, Sauberkeitspaten) und neue Projekte initiiert (z. B. \u201eKlimatag\u201c mit Workshops f\u00fcr die Klassen 9, schuleigener Wettbewerb zum Thema \u201eNachhaltiger Schulhof\u201c f\u00fcr die Klassen 11 und vieles mehr). Die Schulgemeinde freut sich schon darauf, weiter intensiv zur Bildung im Bereich Umwelt und Nachhaltigkeit beizutragen.<\/p>\n<p>&nbsp;<\/p>\n<p>&nbsp;<\/p>\n<p>&nbsp;<\/p>\n<p>&nbsp;<\/p>\n<p>&nbsp;<\/p>\n","protected":false},"excerpt":{"rendered":"<p>Am 18.09.23 wurde die Lindenauschule erneut mit dem Zertifikat UmweltSchule ausgezeichnet. Seit 2009 erwirbt die Lindenauschule regelm\u00e4\u00dfig dieses Zertifikat, welches beweist, dass die Schulgemeinde sich f\u00fcr die Bildung f\u00fcr nachhaltige Entwicklung (BNE) in besonderer Weise eingesetzt und somit ihren Sch\u00fclerinnen<\/p>\n","protected":false},"author":2,"featured_media":6061,"comment_status":"closed","ping_status":"open","sticky":false,"template":"","format":"image","meta":{"footnotes":""},"categories":[52,1,18],"tags":[],"class_list":["post-6060","post","type-post","status-publish","format-image","has-post-thumbnail","hentry","category-mint-wettbewerbe","category-nachrichten","category-umweltschule","post_format-post-format-image"],"_links":{"self":[{"href":"https:\/\/www.lindenauschule.de\/index.php?rest_route=\/wp\/v2\/posts\/6060","targetHints":{"allow":["GET"]}}],"collection":[{"href":"https:\/\/www.lindenauschule.de\/index.php?rest_route=\/wp\/v2\/posts"}],"about":[{"href":"https:\/\/www.lindenauschule.de\/index.php?rest_route=\/wp\/v2\/types\/post"}],"author":[{"embeddable":true,"href":"https:\/\/www.lindenauschule.de\/index.php?rest_route=\/wp\/v2\/users\/2"}],"replies":[{"embeddable":true,"href":"https:\/\/www.lindenauschule.de\/index.php?rest_route=%2Fwp%2Fv2%2Fcomments&post=6060"}],"version-history":[{"count":1,"href":"https:\/\/www.lindenauschule.de\/index.php?rest_route=\/wp\/v2\/posts\/6060\/revisions"}],"predecessor-version":[{"id":6064,"href":"https:\/\/www.lindenauschule.de\/index.php?rest_route=\/wp\/v2\/posts\/6060\/revisions\/6064"}],"wp:featuredmedia":[{"embeddable":true,"href":"https:\/\/www.lindenauschule.de\/index.php?rest_route=\/wp\/v2\/media\/6061"}],"wp:attachment":[{"href":"https:\/\/www.lindenauschule.de\/index.php?rest_route=%2Fwp%2Fv2%2Fmedia&parent=6060"}],"wp:term":[{"taxonomy":"category","embeddable":true,"href":"https:\/\/www.lindenauschule.de\/index.php?rest_route=%2Fwp%2Fv2%2Fcategories&post=6060"},{"taxonomy":"post_tag","embeddable":true,"href":"https:\/\/www.lindenauschule.de\/index.php?rest_route=%2Fwp%2Fv2%2Ftags&post=6060"}],"curies":[{"name":"wp","href":"https:\/\/api.w.org\/{rel}","templated":true}]}}