
{"id":1151,"date":"2018-09-27T16:10:39","date_gmt":"2018-09-27T14:10:39","guid":{"rendered":"https:\/\/www.lindenauschule.de\/?p=1151"},"modified":"2019-09-17T17:04:32","modified_gmt":"2019-09-17T15:04:32","slug":"umwelttag-an-der-lindenauschule-2","status":"publish","type":"post","link":"https:\/\/www.lindenauschule.de\/?p=1151","title":{"rendered":"Umwelttag an der Lindenauschule"},"content":{"rendered":"<p>Am Mittwoch, dem 26. September 2018, fand an der Lindenauschule in Hanau- Gro\u00dfauheim bereits zum sechsten Mal ein Umwelttag statt. Beteiligt waren Sch\u00fclerinnen und Sch\u00fcler der Jahrg\u00e4nge 6 bis 10 sowie deren Lehrkr\u00e4fte. Es wurden unterschiedliche Projekte zum Thema Umweltschutz und Nachhaltigkeit bearbeitet.<\/p>\n<p>Um den schulinternen Umwelttag m\u00f6glichst facettenreich gestalten zu k\u00f6nnen, wurden auch dieses Jahr wieder au\u00dferschulische Institutionen und Lernorte eingebunden. Durch die Unterst\u00fctzung verschiedener au\u00dferschulischer Partner konnten die folgenden Projekte angeboten werden:<\/p>\n<p>In einer <strong>Waldolympiade<\/strong> konnten die Sch\u00fclerinnen und Sch\u00fcler an Stationen alles Wichtige \u00fcber B\u00e4ume, Tiere und Wasser lernen.<\/p>\n<p>Beim <strong>Keltern<\/strong> in Zusammenarbeit mit dem Umweltzentrum Kinzigaue erlernten die Sch\u00fclerinnen und Sch\u00fcler die Herstellung von Apfelsaft. Zun\u00e4chst wurden die zuvor zerkleinerten \u00c4pfel geh\u00e4ckselt und anschlie\u00dfend in einer mechanischen Saftpresse zu Saft verarbeitet.<\/p>\n<p>Der Lernzirkel \u201e<strong>Klimaschutz schmeckt<\/strong>\u201c zeigte, wie Ern\u00e4hrung und Klimaschutz zusammenh\u00e4ngen und wie jeder Einzelne durch sein Kauf- und Essverhalten zur Verringerung des Aussto\u00dfes von Treibhausgasen beitragen kann.<\/p>\n<p>Bei einem Besuch der <strong>Kl\u00e4ranlage<\/strong> Hanau konnten die Sch\u00fclerinnen und Sch\u00fcler sehen und riechen, wohin das Wasser geht, wenn es durch die Kanalisation das Haus verl\u00e4sst und wie es danach wieder aufbereitet wird.<\/p>\n<p>Im Rahmen einer <strong>M\u00fcllsammelaktion<\/strong> ging es darum, das Bewusstsein der Lernenden f\u00fcr einen verantwortungsvollen Umgang mit der Umwelt zu sch\u00e4rfen und sie zu motivieren, sich selbst zu engagieren. Diese Aktion stie\u00df auf eine sehr positive Resonanz der Anwohner!<\/p>\n<p>Zur Versch\u00f6nerung der Schule und ihrer Anlagen trug die PuSch-Klasse mit einer gro\u00dfen <strong>Pflanzaktion<\/strong> bei.<\/p>\n<p>Den Zusammenhang zwischen Natur und Technik konnten einige Klassen in der <strong>Bionik-<\/strong>Ausstellung mittels passender\u00a0 Experimente erkunden.<\/p>\n<p>Weitere Projekte waren z. B. eine <strong>F\u00fchrung im Wildpark<\/strong> (\u201eAlte Fasanerie\u201c, Hanau-Kleinauheim) sowie eine <strong>F\u00fchrung zu den Przewalski-Pferden<\/strong> im Naturschutzgebiet Campo Pond in Hanau- Gro\u00dfauheim (Umweltzentrum Kinzigaue).<\/p>\n<p>Auch in diesem Jahr war dieser besondere Tag wieder ein voller Erfolg. Die Erhaltung unserer Umwelt und die Reinhaltung der lebensnotwendigen Elemente Wasser und Luft sind von gr\u00f6\u00dfter Bedeutung f\u00fcr die Zukunft. Und schlie\u00dflich kommt dem Wald als dem fl\u00e4chenm\u00e4\u00dfig gr\u00f6\u00dften naturnahen Lebensraum in Deutschland ein gro\u00dfer Bildungswert zu. Die Sch\u00fclerinnen und Sch\u00fcler der Lindenauschule waren mit Begeisterung dabei, konnten ihre Kenntnisse erweitern und nicht zuletzt einen Beitrag zum Umweltschutz leisten.<\/p>\n","protected":false},"excerpt":{"rendered":"<p>Am Mittwoch, dem 26. September 2018, fand an der Lindenauschule in Hanau- Gro\u00dfauheim bereits zum sechsten Mal ein Umwelttag statt. Beteiligt waren Sch\u00fclerinnen und Sch\u00fcler der Jahrg\u00e4nge 6 bis 10 sowie deren Lehrkr\u00e4fte. Es wurden unterschiedliche Projekte zum Thema Umweltschutz<\/p>\n","protected":false},"author":2,"featured_media":1145,"comment_status":"closed","ping_status":"open","sticky":false,"template":"","format":"image","meta":{"footnotes":""},"categories":[1,18],"tags":[],"class_list":["post-1151","post","type-post","status-publish","format-image","has-post-thumbnail","hentry","category-nachrichten","category-umweltschule","post_format-post-format-image"],"_links":{"self":[{"href":"https:\/\/www.lindenauschule.de\/index.php?rest_route=\/wp\/v2\/posts\/1151","targetHints":{"allow":["GET"]}}],"collection":[{"href":"https:\/\/www.lindenauschule.de\/index.php?rest_route=\/wp\/v2\/posts"}],"about":[{"href":"https:\/\/www.lindenauschule.de\/index.php?rest_route=\/wp\/v2\/types\/post"}],"author":[{"embeddable":true,"href":"https:\/\/www.lindenauschule.de\/index.php?rest_route=\/wp\/v2\/users\/2"}],"replies":[{"embeddable":true,"href":"https:\/\/www.lindenauschule.de\/index.php?rest_route=%2Fwp%2Fv2%2Fcomments&post=1151"}],"version-history":[{"count":1,"href":"https:\/\/www.lindenauschule.de\/index.php?rest_route=\/wp\/v2\/posts\/1151\/revisions"}],"predecessor-version":[{"id":1152,"href":"https:\/\/www.lindenauschule.de\/index.php?rest_route=\/wp\/v2\/posts\/1151\/revisions\/1152"}],"wp:featuredmedia":[{"embeddable":true,"href":"https:\/\/www.lindenauschule.de\/index.php?rest_route=\/wp\/v2\/media\/1145"}],"wp:attachment":[{"href":"https:\/\/www.lindenauschule.de\/index.php?rest_route=%2Fwp%2Fv2%2Fmedia&parent=1151"}],"wp:term":[{"taxonomy":"category","embeddable":true,"href":"https:\/\/www.lindenauschule.de\/index.php?rest_route=%2Fwp%2Fv2%2Fcategories&post=1151"},{"taxonomy":"post_tag","embeddable":true,"href":"https:\/\/www.lindenauschule.de\/index.php?rest_route=%2Fwp%2Fv2%2Ftags&post=1151"}],"curies":[{"name":"wp","href":"https:\/\/api.w.org\/{rel}","templated":true}]}}